{"id":1,"date":"2020-10-10T03:48:21","date_gmt":"2020-10-10T03:48:21","guid":{"rendered":"https:\/\/www.jugendzentrum-hei.de\/?p=1"},"modified":"2026-04-06T11:35:36","modified_gmt":"2026-04-06T09:35:36","slug":"willkommen","status":"publish","type":"post","link":"https:\/\/www.jugendzentrum-hei.de\/?p=1","title":{"rendered":"Offenheit &#8211; Freiwilligkeit &#8211; Mitbestimmung"},"content":{"rendered":"<p style=\"text-align: center;\">Herzlich Willkommen im Jugendzentrum Heide!<\/p>\r\n<p style=\"text-align: center;\">Bei uns habt ihr die M\u00f6glichkeit im Alter von 7 bis 21 Jahren an verschiedenen Angeboten und Aktivit\u00e4ten teilzunehmen und diese mitzugestalten. Wir sind das ganze Jahr zu den folgenden \u00d6ffnungszeiten f\u00fcr euch da.<\/p>\r\n<p style=\"text-align: center;\">\u00a0Montag \u00a0\u00a0\u00a0\u00a0\u00a0\u00a0\u00a0\u00a0\u00a0 14.00 &#8211; 21.00Uhr<\/p>\r\n<p style=\"text-align: center;\">Dienstag \u00a0\u00a0\u00a0\u00a0\u00a0\u00a0\u00a0 14.00 &#8211; 22.00Uhr<\/p>\r\n<p style=\"text-align: center;\">\u00a0Mittwoch \u00a0\u00a0\u00a0\u00a0\u00a0\u00a0\u00a0 14.00 &#8211; 22.00Uhr<\/p>\r\n<p style=\"text-align: center;\">\u00a0Donnerstag \u00a0\u00a0\u00a0 14.00 &#8211; 22.00Uhr<\/p>\r\n<p style=\"text-align: center;\">\u00a0Freitag \u00a0\u00a0\u00a0\u00a0\u00a0\u00a0\u00a0\u00a0\u00a0\u00a0 14.00 &#8211; 21.00Uhr<\/p>\r\n<p style=\"text-align: center;\">Das Jugendzentrum findet ihr in der <a href=\"https:\/\/www.google.de\/maps\/place\/Jugendzentrum+Heide\/@54.195814,9.09852,17z\/data=!3m1!4b1!4m5!3m4!1s0x47b38ebeb5574b8d:0x45e2c74428e9e13a!8m2!3d54.195814!4d9.100714\">Bahnhofstra\u00dfe 29<\/a> im Erdgeschoss.<\/p>\r\n<p style=\"text-align: center;\"><strong>Kommt vorbei!<\/strong><\/p>\r\n<p style=\"text-align: center;\">In den Schulferien finden neben der regul\u00e4ren \u00d6ffnung zus\u00e4tzliche Ferienprogramme f\u00fcr euch statt. Hierf\u00fcr meldet ihr euch telefonisch direkt bei uns im Jugendzentrum f\u00fcr die kostenlosen Veranstaltungen an!<\/p>\r\n<p>&nbsp;<\/p>\r\n<p class=\"hide-if-no-js\">\u00a0<\/p>\r\n\r\n<p><img loading=\"lazy\" class=\" wp-image-270 aligncenter\" src=\"https:\/\/www.jugendzentrum-hei.de\/wp-content\/uploads\/2020\/10\/Freienprogramm_Ostern_2026-212x300.jpg\" alt=\"\" width=\"890\" height=\"1259\" srcset=\"https:\/\/www.jugendzentrum-hei.de\/wp-content\/uploads\/2020\/10\/Freienprogramm_Ostern_2026-212x300.jpg 212w, https:\/\/www.jugendzentrum-hei.de\/wp-content\/uploads\/2020\/10\/Freienprogramm_Ostern_2026-724x1024.jpg 724w, https:\/\/www.jugendzentrum-hei.de\/wp-content\/uploads\/2020\/10\/Freienprogramm_Ostern_2026-768x1086.jpg 768w, https:\/\/www.jugendzentrum-hei.de\/wp-content\/uploads\/2020\/10\/Freienprogramm_Ostern_2026-1086x1536.jpg 1086w, https:\/\/www.jugendzentrum-hei.de\/wp-content\/uploads\/2020\/10\/Freienprogramm_Ostern_2026-42x60.jpg 42w, https:\/\/www.jugendzentrum-hei.de\/wp-content\/uploads\/2020\/10\/Freienprogramm_Ostern_2026.jpg 1414w\" sizes=\"(max-width: 890px) 100vw, 890px\" \/><\/p>","protected":false},"excerpt":{"rendered":"<p>Herzlich Willkommen im Jugendzentrum Heide! Bei uns habt ihr die M\u00f6glichkeit im Alter von 7 bis 21 Jahren an verschiedenen Angeboten und Aktivit\u00e4ten teilzunehmen und diese mitzugestalten. Wir sind das ganze Jahr zu den folgenden \u00d6ffnungszeiten f\u00fcr euch da. \u00a0Montag \u00a0\u00a0\u00a0\u00a0\u00a0\u00a0\u00a0\u00a0\u00a0 14.00 &#8211; 21.00Uhr Dienstag \u00a0\u00a0\u00a0\u00a0\u00a0\u00a0\u00a0 14.00 &#8211; 22.00Uhr \u00a0Mittwoch \u00a0\u00a0\u00a0\u00a0\u00a0\u00a0\u00a0 14.00 &#8211; 22.00Uhr \u00a0Donnerstag \u00a0\u00a0\u00a0 14.00 &#8211; 22.00Uhr \u00a0Freitag &hellip; <\/p>\n","protected":false},"author":1,"featured_media":0,"comment_status":"closed","ping_status":"closed","sticky":false,"template":"","format":"standard","meta":[],"categories":[2],"tags":[],"jetpack_featured_media_url":"","_links":{"self":[{"href":"https:\/\/www.jugendzentrum-hei.de\/index.php?rest_route=\/wp\/v2\/posts\/1"}],"collection":[{"href":"https:\/\/www.jugendzentrum-hei.de\/index.php?rest_route=\/wp\/v2\/posts"}],"about":[{"href":"https:\/\/www.jugendzentrum-hei.de\/index.php?rest_route=\/wp\/v2\/types\/post"}],"author":[{"embeddable":true,"href":"https:\/\/www.jugendzentrum-hei.de\/index.php?rest_route=\/wp\/v2\/users\/1"}],"replies":[{"embeddable":true,"href":"https:\/\/www.jugendzentrum-hei.de\/index.php?rest_route=%2Fwp%2Fv2%2Fcomments&post=1"}],"version-history":[{"count":36,"href":"https:\/\/www.jugendzentrum-hei.de\/index.php?rest_route=\/wp\/v2\/posts\/1\/revisions"}],"predecessor-version":[{"id":271,"href":"https:\/\/www.jugendzentrum-hei.de\/index.php?rest_route=\/wp\/v2\/posts\/1\/revisions\/271"}],"wp:attachment":[{"href":"https:\/\/www.jugendzentrum-hei.de\/index.php?rest_route=%2Fwp%2Fv2%2Fmedia&parent=1"}],"wp:term":[{"taxonomy":"category","embeddable":true,"href":"https:\/\/www.jugendzentrum-hei.de\/index.php?rest_route=%2Fwp%2Fv2%2Fcategories&post=1"},{"taxonomy":"post_tag","embeddable":true,"href":"https:\/\/www.jugendzentrum-hei.de\/index.php?rest_route=%2Fwp%2Fv2%2Ftags&post=1"}],"curies":[{"name":"wp","href":"https:\/\/api.w.org\/{rel}","templated":true}]}}